{"id":2660,"date":"2025-06-05T14:51:42","date_gmt":"2025-06-05T12:51:42","guid":{"rendered":"https:\/\/cnappc.org\/paul-krugman-a-padova-ripensare-la-ricchezza-urbana-e-larchitettura-per-il-benessere-umano\/"},"modified":"2025-09-01T11:20:30","modified_gmt":"2025-09-01T09:20:30","slug":"paul-krugman-a-padova-ripensare-la-ricchezza-urbana-e-larchitettura-per-il-benessere-umano","status":"publish","type":"post","link":"https:\/\/cnappc.org\/it\/paul-krugman-a-padova-ripensare-la-ricchezza-urbana-e-larchitettura-per-il-benessere-umano\/","title":{"rendered":"Paul Krugman a Padova: ripensare la ricchezza urbana e l&#8217;architettura per il benessere umano"},"content":{"rendered":"<p>[et_pb_section fb_built=&#8221;1&#8243; admin_label=&#8221;Text &#038; Image&#8221; _builder_version=&#8221;4.17.6&#8243; _module_preset=&#8221;default&#8221; custom_padding=&#8221;2px||124px|||&#8221; locked=&#8221;off&#8221; collapsed=&#8221;on&#8221; global_colors_info=&#8221;{}&#8221;][et_pb_row _builder_version=&#8221;4.17.6&#8243; _module_preset=&#8221;5138c454-be54-4233-bd3b-f8e6a8747976&#8243; global_colors_info=&#8221;{}&#8221;][et_pb_column type=&#8221;4_4&#8243; _builder_version=&#8221;4.16&#8243; _module_preset=&#8221;73121f80-a3ef-4484-8763-c3f18e3c56d2&#8243; global_colors_info=&#8221;{}&#8221;][et_pb_text quote_border_color=&#8221;#F9F9F9&#8243; _builder_version=&#8221;4.27.4&#8243; _module_preset=&#8221;2c55a9c4-feed-423b-9edb-ae0b5b365cac&#8221; text_font=&#8221;|IBM Plex Sans_weight|||||||&#8221; text_text_color=&#8221;#3c3a47&#8243; text_font_size=&#8221;16px&#8221; text_line_height=&#8221;1.75em&#8221; link_font=&#8221;|IBM Plex Sans_weight|||||||&#8221; link_text_color=&#8221;#2B8B81&#8243; quote_font=&#8221;IBM Plex Sans Condensed|IBM Plex Sans Condensed_weight|||||||&#8221; quote_text_color=&#8221;#0e0c19&#8243; header_font=&#8221;|IBM Plex Sans Condensed_weight|||||||&#8221; header_text_color=&#8221;#0e0c19&#8243; header_font_size=&#8221;72px&#8221; header_line_height=&#8221;1.15em&#8221; header_2_font=&#8221;IBM Plex Sans Condensed|IBM Plex Sans Condensed_weight|||||||&#8221; header_2_text_color=&#8221;#0e0c19&#8243; header_2_font_size=&#8221;50px&#8221; header_2_line_height=&#8221;1.2em&#8221; header_3_font=&#8221;IBM Plex Sans Condensed|IBM Plex Sans Condensed_weight|||||||&#8221; header_3_text_color=&#8221;#0e0c19&#8243; header_3_font_size=&#8221;32px&#8221; header_3_line_height=&#8221;1.3em&#8221; header_4_font=&#8221;IBM Plex Sans Condensed|IBM Plex Sans Condensed_weight|||||||&#8221; header_4_text_color=&#8221;#0e0c19&#8243; header_4_font_size=&#8221;24px&#8221; header_4_line_height=&#8221;1.4em&#8221; header_5_font=&#8221;IBM Plex Sans Condensed|IBM Plex Sans Condensed_weight|||||||&#8221; header_5_text_color=&#8221;#0e0c19&#8243; header_5_font_size=&#8221;18px&#8221; header_5_line_height=&#8221;1.4em&#8221; header_6_font=&#8221;IBM Plex Sans Condensed|IBM Plex Sans Condensed_weight|||||||&#8221; header_6_text_color=&#8221;#0e0c19&#8243; header_6_line_height=&#8221;1.5em&#8221; custom_margin=&#8221;||||false|false&#8221; hover_enabled=&#8221;0&#8243; text_font_size_tablet=&#8221;15px&#8221; text_font_size_phone=&#8221;14px&#8221; text_font_size_last_edited=&#8221;on|phone&#8221; header_font_size_tablet=&#8221;40px&#8221; header_font_size_phone=&#8221;24px&#8221; header_font_size_last_edited=&#8221;on|desktop&#8221; header_2_font_size_tablet=&#8221;28px&#8221; header_2_font_size_phone=&#8221;20px&#8221; header_2_font_size_last_edited=&#8221;on|phone&#8221; header_3_font_size_tablet=&#8221;22px&#8221; header_3_font_size_phone=&#8221;17px&#8221; header_3_font_size_last_edited=&#8221;on|phone&#8221; header_4_font_size_tablet=&#8221;18px&#8221; header_4_font_size_phone=&#8221;15px&#8221; header_4_font_size_last_edited=&#8221;on|tablet&#8221; header_5_font_size_tablet=&#8221;15px&#8221; header_5_font_size_phone=&#8221;14px&#8221; header_5_font_size_last_edited=&#8221;on|desktop&#8221; header_6_font_size_tablet=&#8221;13px&#8221; header_6_font_size_phone=&#8221;13px&#8221; header_6_font_size_last_edited=&#8221;on|desktop&#8221; locked=&#8221;off&#8221; global_colors_info=&#8221;{%22gcid-36fd78a7-34bc-404d-873c-dafa34efaae5%22:%91%22icon_color%22,%22icon_color%22%93}&#8221; body_font_size_tablet=&#8221;15px&#8221; body_font_size_phone=&#8221;14px&#8221; body_font_size_last_edited=&#8221;on|desktop&#8221; sticky_enabled=&#8221;0&#8243;]<\/p>\n<p style=\"text-align: justify;\">Venerd\u00ec 4 aprile, l\u2019Universit\u00e0 di Padova ha ospitato un importante simposio internazionale intitolato <em>\u201cLa ricchezza delle nazioni e il ruolo dell\u2019architettura per un\u2019economia urbana orientata al benessere umano\u201d<\/em>, organizzato dal Consiglio Nazionale degli Architetti, Pianificatori, Paesaggisti e Conservatori (CNAPPC). L\u2019evento ha visto la partecipazione del premio Nobel per l\u2019Economia Paul Krugman, che ha tenuto una lectio magistralis di grande impatto e attualit\u00e0.<\/p>\n<p style=\"text-align: justify;\"><strong>Un\u2019apertura istituzionale ponderata<\/strong><\/p>\n<p style=\"text-align: justify;\">Il simposio si \u00e8 aperto con i saluti istituzionali di figure di rilievo del mondo accademico e politico: Antonio Parbonetti (Prorettore dell\u2019Universit\u00e0 di Padova), Paola Valbonesi (Direttrice del Dipartimento di Scienze Economiche e Aziendali \u201cMarco Fanno\u201d), Andrea Micalizzi (Vicesindaco di Padova) e Roberto Righetto (Presidente di FOAV e dell\u2019Ordine degli Architetti di Padova). A seguire, l\u2019intervento di apertura del Presidente del CNAPPC, Massimo Crusi, e un contributo del Senatore della Repubblica Roberto Rosso, relatore della nuova Legge sulla Rigenerazione Urbana.<\/p>\n<p style=\"text-align: justify;\"><strong>Paul Krugman: \u201cCitt\u00e0 stabili, nazioni stabili\u201d<\/strong><\/p>\n<p style=\"text-align: justify;\">Alle ore 15:15, Paul Krugman \u00e8 intervenuto con una lectio dal titolo <em>\u201cSulla stabilit\u00e0 dei deplorevoli\u201d,<\/em> nella quale ha analizzato le strutture economiche che possono sia alimentare le disuguaglianze urbane sia sbloccare una crescita inclusiva. Krugman ha sottolineato l\u2019urgenza di una pianificazione urbana che metta al centro dello sviluppo economico la dignit\u00e0 umana, l\u2019accessibilit\u00e0 e la resilienza locale.<\/p>\n<p style=\"text-align: justify;\"><strong>Le sfide urbane e le visioni per il futuro<\/strong><\/p>\n<p style=\"text-align: justify;\">La prima sessione tematica, tenuta da Catherine Gall (Direttrice esecutiva di ETI Research, Sorbona Parigi), ha affrontato le problematiche attuali della vita urbana e della governance:<\/p>\n<ul style=\"text-align: justify;\">\n<li>Carlos Moreno (Universit\u00e9 Paris 1 Panth\u00e9on-Sorbonne) ha illustrato il concetto di prossimit\u00e0 come pilastro per citt\u00e0 sostenibili e inclusive.<\/li>\n<li>Karima Kourtit (Open University, Paesi Bassi) ha riflettuto sui legami emotivi e sociali che plasmano le citt\u00e0 in tempi di crisi.<\/li>\n<\/ul>\n<p style=\"text-align: justify;\">Dopo una breve pausa, ha preso avvio la seconda sessione dal titolo <em>\u201cChe tipo di citt\u00e0 vogliamo abitare?\u201d<\/em>, caratterizzata da una serie di interventi stimolanti:<\/p>\n<ul style=\"text-align: justify;\">\n<li>Philippe Rahm (Philippe Rahm Architects) ha presentato un interessante caso di architettura bioclimatica.<\/li>\n<li>Robin Wells (Princeton University) ha approfondito i principi dell\u2019equit\u00e0 urbana.<\/li>\n<li>Roberto Antonietti e Peter Nijkamp hanno offerto spunti su citt\u00e0 dimenticate, resilienza climatica e sul ruolo globale delle politiche locali.<\/li>\n<li>Le riflessioni conclusive sono state affidate a Giuseppe Cappochin, ex Presidente del CNAPPC.<\/li>\n<\/ul>\n<p style=\"text-align: justify;\"><strong>Un forum di grande impatto<\/strong><\/p>\n<p style=\"text-align: justify;\">Con oltre cento partecipanti in presenza e una vasta platea online, l\u2019evento ha rappresentato un momento significativo nel dibattito in evoluzione sull\u2019urbanistica sostenibile e centrata sull\u2019essere umano. \u00c8 emerso con forza che architettura, economia e politica devono agire in sinergia per costruire citt\u00e0 resilienti, inclusive e pensate per la vita quotidiana.<\/p>\n<p style=\"text-align: justify;\">\u201cNon pu\u00f2 esserci vera prosperit\u00e0 senza giustizia urbana\u201d, ha ricordato Krugman al pubblico \u2014 un messaggio che ha trovato il favore di architetti, pianificatori e leader civici.<\/p>\n<p style=\"text-align: justify;\">Il simposio ha ribadito il ruolo dell\u2019Italia come punto di riferimento nel processo di trasformazione urbana globale, sottolineando l\u2019urgenza di porre il benessere umano al centro del progetto della citt\u00e0.<\/p>\n<p>[\/et_pb_text][\/et_pb_column][\/et_pb_row][et_pb_row _builder_version=&#8221;4.27.4&#8243; _module_preset=&#8221;default&#8221; custom_padding=&#8221;||0px||false|false&#8221; global_colors_info=&#8221;{}&#8221;][et_pb_column type=&#8221;4_4&#8243; _builder_version=&#8221;4.27.4&#8243; _module_preset=&#8221;default&#8221; global_colors_info=&#8221;{}&#8221;][et_pb_gallery gallery_ids=&#8221;2386,2387,2388,2389,2390,2391,2392,2393,2394,2395,2396,2397,2398,2399,2400,2401,2402,2403,2404,2405,2406,2407,2408&#8243; show_title_and_caption=&#8221;off&#8221; _builder_version=&#8221;4.27.4&#8243; _module_preset=&#8221;default&#8221; locked=&#8221;off&#8221; global_colors_info=&#8221;{}&#8221;][\/et_pb_gallery][et_pb_code _builder_version=&#8221;4.27.4&#8243; _module_preset=&#8221;default&#8221; global_colors_info=&#8221;{}&#8221;]<iframe loading=\"lazy\" title=\"vimeo-player\" src=\"https:\/\/player.vimeo.com\/video\/1076041620?h=e7caf50195\" width=\"640\" height=\"360\" frameborder=\"0\" referrerpolicy=\"strict-origin-when-cross-origin\" allow=\"autoplay; fullscreen; picture-in-picture; clipboard-write; encrypted-media; web-share\"   allowfullscreen><\/iframe>[\/et_pb_code][\/et_pb_column][\/et_pb_row][\/et_pb_section][et_pb_section fb_built=&#8221;1&#8243; fullwidth=&#8221;on&#8221; _builder_version=&#8221;4.27.4&#8243; _module_preset=&#8221;default&#8221; global_colors_info=&#8221;{}&#8221;][\/et_pb_section]<\/p>\n","protected":false},"excerpt":{"rendered":"<p>La ricchezza delle nazioni e il ruolo dell&#8217;architettura per un&#8217;economia urbana incentrata sul benessere umano<\/p>\n","protected":false},"author":1,"featured_media":1562,"comment_status":"closed","ping_status":"closed","sticky":false,"template":"","format":"standard","meta":{"_et_pb_use_builder":"on","_et_pb_old_content":"","_et_gb_content_width":"","_price":"","_stock":"","_tribe_ticket_header":"","_tribe_default_ticket_provider":"","_tribe_ticket_capacity":"0","_ticket_start_date":"","_ticket_end_date":"","_tribe_ticket_show_description":"","_tribe_ticket_show_not_going":false,"_tribe_ticket_use_global_stock":"","_tribe_ticket_global_stock_level":"","_global_stock_mode":"","_global_stock_cap":"","_tribe_rsvp_for_event":"","_tribe_ticket_going_count":"","_tribe_ticket_not_going_count":"","_tribe_tickets_list":"[]","_tribe_ticket_has_attendee_info_fields":false,"footnotes":""},"categories":[45],"tags":[],"class_list":["post-2660","post","type-post","status-publish","format-standard","has-post-thumbnail","hentry","category-news"],"_links":{"self":[{"href":"https:\/\/cnappc.org\/it\/wp-json\/wp\/v2\/posts\/2660","targetHints":{"allow":["GET"]}}],"collection":[{"href":"https:\/\/cnappc.org\/it\/wp-json\/wp\/v2\/posts"}],"about":[{"href":"https:\/\/cnappc.org\/it\/wp-json\/wp\/v2\/types\/post"}],"author":[{"embeddable":true,"href":"https:\/\/cnappc.org\/it\/wp-json\/wp\/v2\/users\/1"}],"replies":[{"embeddable":true,"href":"https:\/\/cnappc.org\/it\/wp-json\/wp\/v2\/comments?post=2660"}],"version-history":[{"count":4,"href":"https:\/\/cnappc.org\/it\/wp-json\/wp\/v2\/posts\/2660\/revisions"}],"predecessor-version":[{"id":2710,"href":"https:\/\/cnappc.org\/it\/wp-json\/wp\/v2\/posts\/2660\/revisions\/2710"}],"wp:featuredmedia":[{"embeddable":true,"href":"https:\/\/cnappc.org\/it\/wp-json\/wp\/v2\/media\/1562"}],"wp:attachment":[{"href":"https:\/\/cnappc.org\/it\/wp-json\/wp\/v2\/media?parent=2660"}],"wp:term":[{"taxonomy":"category","embeddable":true,"href":"https:\/\/cnappc.org\/it\/wp-json\/wp\/v2\/categories?post=2660"},{"taxonomy":"post_tag","embeddable":true,"href":"https:\/\/cnappc.org\/it\/wp-json\/wp\/v2\/tags?post=2660"}],"curies":[{"name":"wp","href":"https:\/\/api.w.org\/{rel}","templated":true}]}}